{"id":2659,"date":"2023-08-02T10:52:02","date_gmt":"2023-08-02T10:52:02","guid":{"rendered":"https:\/\/verium.ch\/?p=2659"},"modified":"2025-01-10T11:20:14","modified_gmt":"2025-01-10T11:20:14","slug":"family-owned-henke-sass-wolf-acquires-zuend-group","status":"publish","type":"post","link":"https:\/\/verium.ch\/en\/news\/family-owned-henke-sass-wolf-acquires-zuend-group\/","title":{"rendered":"Family-owned Henke-Sass, Wolf acquires Z\u00fcnd Group"},"content":{"rendered":"<p><em>Diepoldsau August 2, 2023 &#8211; Henke Sass, Wolf GmbH (HSW) acquires Z\u00fcnd Pr\u00e4zisionsoptik AG and its subsidiary Optivac AG (Z\u00fcnd Group), the leading manufacturer of optical components in the field of micro optics. The Z\u00fcnd Group is a leading global competence center for complex plano optics and highest quality coatings. Customers from all over the world and from a wide range of industries are served from the modern production site in Switzerland.<\/em><\/p>\n<p>&nbsp;<\/p>\n<h4>Contact<\/h4>\n<ul>\n<li><strong>Verium AG<\/strong><br \/>\nGeorge Merk, <a href=\"mailto:george.merk@verium.ch\">george.merk@verium.ch<\/a><br \/>\nCarlo Vinzens,\u00a0<a href=\"mailto:carlo.vinzens@verium.ch\">carlo.vinzens@verium.ch<\/a><\/li>\n<\/ul>\n<p>&nbsp;<\/p>\n<h4>Further information<\/h4>\n<ul>\n<li><a href=\"https:\/\/verium.ch\/en\/direct-investments-companies\/zuend-group\">Z\u00fcnd Group<\/a><a href=\"http:\/\/www.omrun.ch\/de\/omis.html\" target=\"_blank\" rel=\"noreferrer noopener\"><br \/>\n<\/a><\/li>\n<li><a href=\"https:\/\/zuendoptics.com\/\" target=\"_blank\" rel=\"noreferrer noopener\">Z\u00fcnd Website<\/a><\/li>\n<li><a href=\"\/wp-content\/uploads\/2025\/01\/20230728_PR-EN_Zuend_final.pdf\" target=\"_blank\" rel=\"noopener\">Press Release<\/a><\/li>\n<\/ul>\n","protected":false},"excerpt":{"rendered":"<p>Diepoldsau August 2, 2023 &#8211; Henke Sass, Wolf GmbH (HSW) acquires Z\u00fcnd Pr\u00e4zisionsoptik AG and its subsidiary Optivac AG (Z\u00fcnd Group), the leading manufacturer of optical components in the field of micro optics. The Z\u00fcnd Group is a leading global competence center for complex plano optics and highest quality coatings. Customers from all over the [&hellip;]<\/p>\n","protected":false},"author":1,"featured_media":1811,"comment_status":"closed","ping_status":"closed","sticky":false,"template":"","format":"standard","meta":{"_acf_changed":false,"_et_pb_use_builder":"","_et_pb_old_content":"","_et_gb_content_width":"","footnotes":""},"categories":[1],"tags":[],"class_list":["post-2659","post","type-post","status-publish","format-standard","has-post-thumbnail","hentry","category-news"],"acf":[],"yoast_head":"<!-- This site is optimized with the Yoast SEO plugin v27.4 - https:\/\/yoast.com\/product\/yoast-seo-wordpress\/ -->\n<title>Family-owned Henke-Sass, Wolf acquires Z\u00fcnd Group | Verium AG<\/title>\n<meta name=\"robots\" content=\"index, follow, max-snippet:-1, max-image-preview:large, max-video-preview:-1\" \/>\n<link rel=\"canonical\" href=\"https:\/\/verium.ch\/en\/news\/family-owned-henke-sass-wolf-acquires-zuend-group\/\" \/>\n<meta property=\"og:locale\" content=\"en_US\" \/>\n<meta property=\"og:type\" content=\"article\" \/>\n<meta property=\"og:title\" content=\"Family-owned Henke-Sass, Wolf acquires Z\u00fcnd Group | Verium AG\" \/>\n<meta property=\"og:description\" content=\"Diepoldsau August 2, 2023 &#8211; Henke Sass, Wolf GmbH (HSW) acquires Z\u00fcnd Pr\u00e4zisionsoptik AG and its subsidiary Optivac AG (Z\u00fcnd Group), the leading manufacturer of optical components in the field of micro optics. The Z\u00fcnd Group is a leading global competence center for complex plano optics and highest quality coatings. Customers from all over the [&hellip;]\" \/>\n<meta property=\"og:url\" content=\"https:\/\/verium.ch\/en\/news\/family-owned-henke-sass-wolf-acquires-zuend-group\/\" \/>\n<meta property=\"og:site_name\" content=\"Verium AG\" \/>\n<meta property=\"article:published_time\" content=\"2023-08-02T10:52:02+00:00\" \/>\n<meta property=\"article:modified_time\" content=\"2025-01-10T11:20:14+00:00\" \/>\n<meta property=\"og:image\" content=\"https:\/\/verium.ch\/wp-content\/uploads\/2025\/01\/Zuend.png\" \/>\n\t<meta property=\"og:image:width\" content=\"800\" \/>\n\t<meta property=\"og:image:height\" content=\"1200\" \/>\n\t<meta property=\"og:image:type\" content=\"image\/png\" \/>\n<meta name=\"author\" content=\"avency\" \/>\n<meta name=\"twitter:card\" content=\"summary_large_image\" \/>\n<meta name=\"twitter:label1\" content=\"Written by\" \/>\n\t<meta name=\"twitter:data1\" content=\"avency\" \/>\n\t<meta name=\"twitter:label2\" content=\"Est. reading time\" \/>\n\t<meta name=\"twitter:data2\" content=\"1 minute\" \/>\n<script type=\"application\/ld+json\" class=\"yoast-schema-graph\">{\"@context\":\"https:\\\/\\\/schema.org\",\"@graph\":[{\"@type\":\"Article\",\"@id\":\"https:\\\/\\\/verium.ch\\\/en\\\/news\\\/family-owned-henke-sass-wolf-acquires-zuend-group\\\/#article\",\"isPartOf\":{\"@id\":\"https:\\\/\\\/verium.ch\\\/en\\\/news\\\/family-owned-henke-sass-wolf-acquires-zuend-group\\\/\"},\"author\":{\"name\":\"avency\",\"@id\":\"https:\\\/\\\/verium.ch\\\/en\\\/#\\\/schema\\\/person\\\/48dc1a50dc8243625cbbc6384dd9251a\"},\"headline\":\"Family-owned Henke-Sass, Wolf acquires Z\u00fcnd Group\",\"datePublished\":\"2023-08-02T10:52:02+00:00\",\"dateModified\":\"2025-01-10T11:20:14+00:00\",\"mainEntityOfPage\":{\"@id\":\"https:\\\/\\\/verium.ch\\\/en\\\/news\\\/family-owned-henke-sass-wolf-acquires-zuend-group\\\/\"},\"wordCount\":108,\"publisher\":{\"@id\":\"https:\\\/\\\/verium.ch\\\/en\\\/#organization\"},\"image\":{\"@id\":\"https:\\\/\\\/verium.ch\\\/en\\\/news\\\/family-owned-henke-sass-wolf-acquires-zuend-group\\\/#primaryimage\"},\"thumbnailUrl\":\"https:\\\/\\\/verium.ch\\\/wp-content\\\/uploads\\\/2025\\\/01\\\/Zuend.png\",\"articleSection\":[\"News\"],\"inLanguage\":\"en-US\"},{\"@type\":\"WebPage\",\"@id\":\"https:\\\/\\\/verium.ch\\\/en\\\/news\\\/family-owned-henke-sass-wolf-acquires-zuend-group\\\/\",\"url\":\"https:\\\/\\\/verium.ch\\\/en\\\/news\\\/family-owned-henke-sass-wolf-acquires-zuend-group\\\/\",\"name\":\"Family-owned Henke-Sass, Wolf acquires Z\u00fcnd Group | Verium AG\",\"isPartOf\":{\"@id\":\"https:\\\/\\\/verium.ch\\\/en\\\/#website\"},\"primaryImageOfPage\":{\"@id\":\"https:\\\/\\\/verium.ch\\\/en\\\/news\\\/family-owned-henke-sass-wolf-acquires-zuend-group\\\/#primaryimage\"},\"image\":{\"@id\":\"https:\\\/\\\/verium.ch\\\/en\\\/news\\\/family-owned-henke-sass-wolf-acquires-zuend-group\\\/#primaryimage\"},\"thumbnailUrl\":\"https:\\\/\\\/verium.ch\\\/wp-content\\\/uploads\\\/2025\\\/01\\\/Zuend.png\",\"datePublished\":\"2023-08-02T10:52:02+00:00\",\"dateModified\":\"2025-01-10T11:20:14+00:00\",\"breadcrumb\":{\"@id\":\"https:\\\/\\\/verium.ch\\\/en\\\/news\\\/family-owned-henke-sass-wolf-acquires-zuend-group\\\/#breadcrumb\"},\"inLanguage\":\"en-US\",\"potentialAction\":[{\"@type\":\"ReadAction\",\"target\":[\"https:\\\/\\\/verium.ch\\\/en\\\/news\\\/family-owned-henke-sass-wolf-acquires-zuend-group\\\/\"]}]},{\"@type\":\"ImageObject\",\"inLanguage\":\"en-US\",\"@id\":\"https:\\\/\\\/verium.ch\\\/en\\\/news\\\/family-owned-henke-sass-wolf-acquires-zuend-group\\\/#primaryimage\",\"url\":\"https:\\\/\\\/verium.ch\\\/wp-content\\\/uploads\\\/2025\\\/01\\\/Zuend.png\",\"contentUrl\":\"https:\\\/\\\/verium.ch\\\/wp-content\\\/uploads\\\/2025\\\/01\\\/Zuend.png\",\"width\":800,\"height\":1200},{\"@type\":\"BreadcrumbList\",\"@id\":\"https:\\\/\\\/verium.ch\\\/en\\\/news\\\/family-owned-henke-sass-wolf-acquires-zuend-group\\\/#breadcrumb\",\"itemListElement\":[{\"@type\":\"ListItem\",\"position\":1,\"name\":\"Startseite\",\"item\":\"https:\\\/\\\/verium.ch\\\/en\\\/\"},{\"@type\":\"ListItem\",\"position\":2,\"name\":\"Family-owned Henke-Sass, Wolf acquires Z\u00fcnd Group\"}]},{\"@type\":\"WebSite\",\"@id\":\"https:\\\/\\\/verium.ch\\\/en\\\/#website\",\"url\":\"https:\\\/\\\/verium.ch\\\/en\\\/\",\"name\":\"Verium AG\",\"description\":\"Gemeinsam unternehmerisch investieren.\",\"publisher\":{\"@id\":\"https:\\\/\\\/verium.ch\\\/en\\\/#organization\"},\"alternateName\":\"Verium\",\"potentialAction\":[{\"@type\":\"SearchAction\",\"target\":{\"@type\":\"EntryPoint\",\"urlTemplate\":\"https:\\\/\\\/verium.ch\\\/en\\\/?s={search_term_string}\"},\"query-input\":{\"@type\":\"PropertyValueSpecification\",\"valueRequired\":true,\"valueName\":\"search_term_string\"}}],\"inLanguage\":\"en-US\"},{\"@type\":\"Organization\",\"@id\":\"https:\\\/\\\/verium.ch\\\/en\\\/#organization\",\"name\":\"Verium AG\",\"alternateName\":\"Verium\",\"url\":\"https:\\\/\\\/verium.ch\\\/en\\\/\",\"logo\":{\"@type\":\"ImageObject\",\"inLanguage\":\"en-US\",\"@id\":\"https:\\\/\\\/verium.ch\\\/en\\\/#\\\/schema\\\/logo\\\/image\\\/\",\"url\":\"https:\\\/\\\/verium.ch\\\/wp-content\\\/uploads\\\/2024\\\/12\\\/verium-logo.svg\",\"contentUrl\":\"https:\\\/\\\/verium.ch\\\/wp-content\\\/uploads\\\/2024\\\/12\\\/verium-logo.svg\",\"width\":228,\"height\":46,\"caption\":\"Verium AG\"},\"image\":{\"@id\":\"https:\\\/\\\/verium.ch\\\/en\\\/#\\\/schema\\\/logo\\\/image\\\/\"},\"sameAs\":[\"https:\\\/\\\/www.linkedin.com\\\/company\\\/verium-ag\"]},{\"@type\":\"Person\",\"@id\":\"https:\\\/\\\/verium.ch\\\/en\\\/#\\\/schema\\\/person\\\/48dc1a50dc8243625cbbc6384dd9251a\",\"name\":\"avency\",\"sameAs\":[\"https:\\\/\\\/verium.ch\"],\"url\":\"https:\\\/\\\/verium.ch\\\/en\\\/author\\\/avency\\\/\"}]}<\/script>\n<!-- \/ Yoast SEO plugin. -->","yoast_head_json":{"title":"Family-owned Henke-Sass, Wolf acquires Z\u00fcnd Group | Verium AG","robots":{"index":"index","follow":"follow","max-snippet":"max-snippet:-1","max-image-preview":"max-image-preview:large","max-video-preview":"max-video-preview:-1"},"canonical":"https:\/\/verium.ch\/en\/news\/family-owned-henke-sass-wolf-acquires-zuend-group\/","og_locale":"en_US","og_type":"article","og_title":"Family-owned Henke-Sass, Wolf acquires Z\u00fcnd Group | Verium AG","og_description":"Diepoldsau August 2, 2023 &#8211; Henke Sass, Wolf GmbH (HSW) acquires Z\u00fcnd Pr\u00e4zisionsoptik AG and its subsidiary Optivac AG (Z\u00fcnd Group), the leading manufacturer of optical components in the field of micro optics. The Z\u00fcnd Group is a leading global competence center for complex plano optics and highest quality coatings. Customers from all over the [&hellip;]","og_url":"https:\/\/verium.ch\/en\/news\/family-owned-henke-sass-wolf-acquires-zuend-group\/","og_site_name":"Verium AG","article_published_time":"2023-08-02T10:52:02+00:00","article_modified_time":"2025-01-10T11:20:14+00:00","og_image":[{"width":800,"height":1200,"url":"https:\/\/verium.ch\/wp-content\/uploads\/2025\/01\/Zuend.png","type":"image\/png"}],"author":"avency","twitter_card":"summary_large_image","twitter_misc":{"Written by":"avency","Est. reading time":"1 minute"},"schema":{"@context":"https:\/\/schema.org","@graph":[{"@type":"Article","@id":"https:\/\/verium.ch\/en\/news\/family-owned-henke-sass-wolf-acquires-zuend-group\/#article","isPartOf":{"@id":"https:\/\/verium.ch\/en\/news\/family-owned-henke-sass-wolf-acquires-zuend-group\/"},"author":{"name":"avency","@id":"https:\/\/verium.ch\/en\/#\/schema\/person\/48dc1a50dc8243625cbbc6384dd9251a"},"headline":"Family-owned Henke-Sass, Wolf acquires Z\u00fcnd Group","datePublished":"2023-08-02T10:52:02+00:00","dateModified":"2025-01-10T11:20:14+00:00","mainEntityOfPage":{"@id":"https:\/\/verium.ch\/en\/news\/family-owned-henke-sass-wolf-acquires-zuend-group\/"},"wordCount":108,"publisher":{"@id":"https:\/\/verium.ch\/en\/#organization"},"image":{"@id":"https:\/\/verium.ch\/en\/news\/family-owned-henke-sass-wolf-acquires-zuend-group\/#primaryimage"},"thumbnailUrl":"https:\/\/verium.ch\/wp-content\/uploads\/2025\/01\/Zuend.png","articleSection":["News"],"inLanguage":"en-US"},{"@type":"WebPage","@id":"https:\/\/verium.ch\/en\/news\/family-owned-henke-sass-wolf-acquires-zuend-group\/","url":"https:\/\/verium.ch\/en\/news\/family-owned-henke-sass-wolf-acquires-zuend-group\/","name":"Family-owned Henke-Sass, Wolf acquires Z\u00fcnd Group | Verium AG","isPartOf":{"@id":"https:\/\/verium.ch\/en\/#website"},"primaryImageOfPage":{"@id":"https:\/\/verium.ch\/en\/news\/family-owned-henke-sass-wolf-acquires-zuend-group\/#primaryimage"},"image":{"@id":"https:\/\/verium.ch\/en\/news\/family-owned-henke-sass-wolf-acquires-zuend-group\/#primaryimage"},"thumbnailUrl":"https:\/\/verium.ch\/wp-content\/uploads\/2025\/01\/Zuend.png","datePublished":"2023-08-02T10:52:02+00:00","dateModified":"2025-01-10T11:20:14+00:00","breadcrumb":{"@id":"https:\/\/verium.ch\/en\/news\/family-owned-henke-sass-wolf-acquires-zuend-group\/#breadcrumb"},"inLanguage":"en-US","potentialAction":[{"@type":"ReadAction","target":["https:\/\/verium.ch\/en\/news\/family-owned-henke-sass-wolf-acquires-zuend-group\/"]}]},{"@type":"ImageObject","inLanguage":"en-US","@id":"https:\/\/verium.ch\/en\/news\/family-owned-henke-sass-wolf-acquires-zuend-group\/#primaryimage","url":"https:\/\/verium.ch\/wp-content\/uploads\/2025\/01\/Zuend.png","contentUrl":"https:\/\/verium.ch\/wp-content\/uploads\/2025\/01\/Zuend.png","width":800,"height":1200},{"@type":"BreadcrumbList","@id":"https:\/\/verium.ch\/en\/news\/family-owned-henke-sass-wolf-acquires-zuend-group\/#breadcrumb","itemListElement":[{"@type":"ListItem","position":1,"name":"Startseite","item":"https:\/\/verium.ch\/en\/"},{"@type":"ListItem","position":2,"name":"Family-owned Henke-Sass, Wolf acquires Z\u00fcnd Group"}]},{"@type":"WebSite","@id":"https:\/\/verium.ch\/en\/#website","url":"https:\/\/verium.ch\/en\/","name":"Verium AG","description":"Gemeinsam unternehmerisch investieren.","publisher":{"@id":"https:\/\/verium.ch\/en\/#organization"},"alternateName":"Verium","potentialAction":[{"@type":"SearchAction","target":{"@type":"EntryPoint","urlTemplate":"https:\/\/verium.ch\/en\/?s={search_term_string}"},"query-input":{"@type":"PropertyValueSpecification","valueRequired":true,"valueName":"search_term_string"}}],"inLanguage":"en-US"},{"@type":"Organization","@id":"https:\/\/verium.ch\/en\/#organization","name":"Verium AG","alternateName":"Verium","url":"https:\/\/verium.ch\/en\/","logo":{"@type":"ImageObject","inLanguage":"en-US","@id":"https:\/\/verium.ch\/en\/#\/schema\/logo\/image\/","url":"https:\/\/verium.ch\/wp-content\/uploads\/2024\/12\/verium-logo.svg","contentUrl":"https:\/\/verium.ch\/wp-content\/uploads\/2024\/12\/verium-logo.svg","width":228,"height":46,"caption":"Verium AG"},"image":{"@id":"https:\/\/verium.ch\/en\/#\/schema\/logo\/image\/"},"sameAs":["https:\/\/www.linkedin.com\/company\/verium-ag"]},{"@type":"Person","@id":"https:\/\/verium.ch\/en\/#\/schema\/person\/48dc1a50dc8243625cbbc6384dd9251a","name":"avency","sameAs":["https:\/\/verium.ch"],"url":"https:\/\/verium.ch\/en\/author\/avency\/"}]}},"_links":{"self":[{"href":"https:\/\/verium.ch\/en\/wp-json\/wp\/v2\/posts\/2659","targetHints":{"allow":["GET"]}}],"collection":[{"href":"https:\/\/verium.ch\/en\/wp-json\/wp\/v2\/posts"}],"about":[{"href":"https:\/\/verium.ch\/en\/wp-json\/wp\/v2\/types\/post"}],"author":[{"embeddable":true,"href":"https:\/\/verium.ch\/en\/wp-json\/wp\/v2\/users\/1"}],"replies":[{"embeddable":true,"href":"https:\/\/verium.ch\/en\/wp-json\/wp\/v2\/comments?post=2659"}],"version-history":[{"count":1,"href":"https:\/\/verium.ch\/en\/wp-json\/wp\/v2\/posts\/2659\/revisions"}],"predecessor-version":[{"id":2662,"href":"https:\/\/verium.ch\/en\/wp-json\/wp\/v2\/posts\/2659\/revisions\/2662"}],"wp:featuredmedia":[{"embeddable":true,"href":"https:\/\/verium.ch\/en\/wp-json\/wp\/v2\/media\/1811"}],"wp:attachment":[{"href":"https:\/\/verium.ch\/en\/wp-json\/wp\/v2\/media?parent=2659"}],"wp:term":[{"taxonomy":"category","embeddable":true,"href":"https:\/\/verium.ch\/en\/wp-json\/wp\/v2\/categories?post=2659"},{"taxonomy":"post_tag","embeddable":true,"href":"https:\/\/verium.ch\/en\/wp-json\/wp\/v2\/tags?post=2659"}],"curies":[{"name":"wp","href":"https:\/\/api.w.org\/{rel}","templated":true}]}}